{"id":1614,"date":"2022-08-30T14:27:24","date_gmt":"2022-08-30T12:27:24","guid":{"rendered":"https:\/\/ael.utcluj.ro\/?p=1614"},"modified":"2022-08-30T14:30:16","modified_gmt":"2022-08-30T12:30:16","slug":"anunt-ocupare-post-cda","status":"publish","type":"post","link":"https:\/\/ael.utcluj.ro\/?p=1614","title":{"rendered":"Anunt ocupare post CDA"},"content":{"rendered":"\n<p>Facultatea de Electronic\u0103, Telecomunica\u021bii \u0219i Tehnologia Informa\u021biei<br>Departamentul de Electronic\u0103 Aplicat\u0103<\/p>\n\n\n\n<p><strong>ANUN\u021a<\/strong><\/p>\n\n\n\n<p>Universitatea Tehnic\u0103 din Cluj-Napoca, cu sediul \u00een localitatea Cluj-Napoca, str. Memorandumului nr.28, jud. Cluj, organizeaz\u0103 concurs pentru ocuparea \u00een sistem \u201cplata cu ora\u201d a urm\u0103toarelor frac\u021biuni de posturi didactice vacante \u00een cadrul Departamentului de Electronic\u0103 Aplicat\u0103 al Facult\u0103\u021bii de Electronic\u0103, Telecomunica\u021bii \u0219i Tehnologia Informa\u021biei<\/p>\n\n\n\n<figure class=\"wp-block-table\"><table><tbody><tr><td>Disciplina<\/td><td>Anul de studiu<\/td><td>Forma de predare(curs, seminar, etc.)<\/td><td>Nivel post (sef de lucr\u0103ri, asistent)<\/td><\/tr><tr><td>Informatic\u0103 aplicat\u0103<\/td><td>I IETC eng<\/td><td>Laborator<\/td><td>Asistent<\/td><\/tr><tr><td>Componente si circuite electronice pasive<\/td><td>I IETC<\/td><td>Laborator<\/td><td>Asistent<\/td><\/tr><tr><td>Tehnici CAD<\/td><td>II IETC<\/td><td>Laborator<\/td><td>Asistent<\/td><\/tr><tr><td>Microcontrolere<\/td><td>III EA<\/td><td>Laborator<\/td><td>Asistent<\/td><\/tr><tr><td>Tehnologii web<\/td><td>III EA<\/td><td>Laborator<\/td><td>Asistent<\/td><\/tr><tr><td>Bazele sistemelor de achizitie de date<\/td><td>III EA<\/td><td>Laborator<\/td><td>Asistent<\/td><\/tr><tr><td>Bazele sistemelor de achizitie de date<\/td><td>III EA eng<\/td><td>Laborator<\/td><td>Asistent<\/td><\/tr><tr><td>Surse de alimentare<\/td><td>IV EA<\/td><td>Laborator<\/td><td>Asistent<\/td><\/tr><tr><td>Controlul sistemelor electronice<\/td><td>I IE master<\/td><td>Curs<\/td><td>S.L.<\/td><\/tr><tr><td>Dispozitive electronice<\/td><td>I IETC<\/td><td>Laborator<\/td><td>Asistent<\/td><\/tr><tr><td>Bazele circuitelor electronice<\/td><td>I ISA<\/td><td>Laborator<\/td><td>Asistent<\/td><\/tr><tr><td>Tehnici CAD<\/td><td>II IETC eng<\/td><td>Laborator<\/td><td>Asistent<\/td><\/tr><tr><td>Circuite electronice fundamentale<\/td><td>II IETC<\/td><td>Laborator<\/td><td>Asistent<\/td><\/tr><tr><td>Microcontrolere<\/td><td>III EA eng<\/td><td>Laborator<\/td><td>Asistent<\/td><\/tr><tr><td>Componente si circuite electronice pasive<\/td><td>I IETC eng<\/td><td>Laborator<\/td><td>Asistent<\/td><\/tr><tr><td>Grafica asistata de calculator<\/td><td>II IETC<\/td><td>Laborator<\/td><td>Asistent<\/td><\/tr><tr><td>Microcontrolere<\/td><td>III EA<\/td><td>Proiect<\/td><td>Asistent<\/td><\/tr><tr><td>Senzori si traductoare<\/td><td>IV IETC<\/td><td>Laborator<\/td><td>Asistent<\/td><\/tr><tr><td>Componente si circuite electronice pasive<\/td><td>IEDEEE<\/td><td>Laborator<\/td><td>Asistent<\/td><\/tr><tr><td>Microcontrolere &#8211; proiect<\/td><td>III EA<\/td><td>Proiect<\/td><td>Asistent, S.L.<\/td><\/tr><tr><td>Surse de alimentare &#8211; proiect<\/td><td>IV EA<\/td><td>Proiect<\/td><td>Asistent, S.L.<\/td><\/tr><\/tbody><\/table><\/figure>\n\n\n\n<p>A. \u00cen conformitate cu H.G.286\/2011, poate participa la concurs persoana care&nbsp; \u00eendepline\u0219te urm\u0103toarele condi\u021bii:<\/p>\n\n\n\n<p>a) are cet\u0103\u021benia rom\u00e2n\u0103, cet\u0103\u021benie a altor state membre ale Uniunii Europene sau a statelor apar\u021bin\u00e2nd Spa\u021biului Economic European \u0219i domiciliul \u00een Rom\u00e2nia;<\/p>\n\n\n\n<p>b) cunoa\u0219te limba rom\u00e2n\u0103, scris \u0219i vorbit;<\/p>\n\n\n\n<p>c) are v\u00e2rsta minim\u0103 reglementat\u0103 de prevederile legale;<\/p>\n\n\n\n<p>d) are capacitate deplin\u0103 de exerci\u021biu;<\/p>\n\n\n\n<p>e) are o stare de s\u0103n\u0103tate corespunz\u0103toare postului pentru care candideaz\u0103, atestat\u0103 pe baza fi\u0219ei de aptitudine eliberate de medicul de medicin\u0103\u00a0 a muncii;<\/p>\n\n\n\n<p>f) \u00eendepline\u0219te condi\u021biile de studii \u0219i, dup\u0103 caz, de vechime sau alte condi\u021bii specifice potrivit cerin\u021belor postului scos la concurs;<\/p>\n\n\n\n<p>g) nu a fost condamnat\u0103 definitiv pentru s\u0103v\u00e2r\u0219irea unei infrac\u021biuni contra umanit\u0103\u021bii, contra statului ori contra autorit\u0103\u021bii, de serviciu sau \u00een leg\u0103tur\u0103 cu serviciul, care \u00eempiedic\u0103 \u00eenf\u0103ptuirea justi\u021biei, de fals ori a unor fapte de corup\u021bie sau a unei infrac\u021biuni s\u0103v\u00e2r\u0219ite cu inten\u021bie, care ar face-o incompatibil\u0103 cu exercitarea func\u021biei, cu excep\u021bia situa\u021biei \u00een care a intervenit reabilitarea.<\/p>\n\n\n\n<p>B. Condi\u0163iile specifice necesare \u00een vederea particip\u0103rii la concurs:<\/p>\n\n\n\n<p>Bibliografia si Tematica sunt cele anexate.<\/p>\n\n\n\n<p>C. Concursul se va organiza conform calendarului urm\u0103tor:<\/p>\n\n\n\n<p>&#8211; Data limit\u0103 de transmitere a documentelor \u00een vederea \u00eenscrierii la concurs:\u00a0\u00a0\u00a0\u00a0\u00a0\u00a0\u00a0\u00a0 7 septembrie 2022<\/p>\n\n\n\n<figure class=\"wp-block-table\"><table><tbody><tr><td>Proba de concurs:<\/td><td>Data desf\u0103\u0219ur\u0103rii:<\/td><td>Locul \u0219i ora desf\u0103\u0219ur\u0103rii:<\/td><\/tr><tr><td>Interviu<\/td><td>13.09.2022 &nbsp;<\/td><td>Sala E04 orele 9.00<\/td><\/tr><\/tbody><\/table><\/figure>\n\n\n\n<figure class=\"wp-block-table\"><table><tbody><tr><td>Termenul \u00een care se pot depune contesta\u021bii&nbsp;&nbsp;&nbsp;&nbsp;&nbsp;&nbsp;&nbsp;&nbsp;&nbsp;&nbsp;&nbsp;&nbsp;&nbsp;&nbsp;&nbsp;&nbsp;&nbsp;&nbsp;&nbsp;&nbsp;&nbsp;&nbsp;&nbsp;&nbsp;&nbsp;<\/td><td>14.09.2022<\/td><\/tr><tr><td>Termenul \u00een care se afi\u0219eaz\u0103 rezultatul contesta\u021biilor<\/td><td>15.09.2022<\/td><\/tr><tr><td>Termenul de afi\u0219are a rezultatelor finale&nbsp;&nbsp;&nbsp;&nbsp;&nbsp;&nbsp;&nbsp;&nbsp;&nbsp;&nbsp;&nbsp;&nbsp;&nbsp;&nbsp;&nbsp;<\/td><td>15.09.2022<\/td><\/tr><\/tbody><\/table><\/figure>\n\n\n\n<p>D. Documentele care compun dosarele de concurs se transmit \u00een format electronic (pdf.) \u00een termen de 10 zile de la publicarea anun\u021bului, la adresa\u00a0 Simona.Fantana@ael.utcluj.ro.<\/p>\n\n\n\n<p>Documentele scanate care compun dosarul de concurs sunt:<\/p>\n\n\n\n<ol class=\"wp-block-list\" type=\"a\"><li>Cererea candidatului, avizat\u0103 de Biroul Juridic, \u00eenregistrat\u0103 la nivelul departamentului;<\/li><li>Curriculum vitae \u0219i lista de lucr\u0103ri; &nbsp;&nbsp;&nbsp;&nbsp;&nbsp;&nbsp;&nbsp;&nbsp;&nbsp;&nbsp;<\/li><li>Copii dup\u0103 diplomele de licen\u0163\u0103, doctorat, precum \u015fi foile matricole aferente (la prima angajare \u00een UTCN, copiile vor fi vizate pentru conformitate cu originalul de directorul de departament);<\/li><li>copie dup\u0103 cartea de munc\u0103 \u00eencheiat\u0103;<\/li><li>adeverin\u0163\u0103 de la locul de munc\u0103, \u00een care s\u0103 se indice vechimea \u00een post cu studii superioare, acordul pentru desf\u0103\u015furarea de activit\u0103\u0163i didactice \u00een regim de plata cu ora, programul de activitate. \u00cen situa\u0163ia \u00een care nu se poate ob\u0163ine acordul este suficient\u0103 o declara\u0163ie pe proprie r\u0103spundere a celui \u00een cauz\u0103 vizat\u0103 de c\u0103tre directorul de departament;<\/li><li>copie dup\u0103 cuponul de pensie, \u00een cazul pensionarilor;<\/li><li>declara\u0163ie pe propria r\u0103spundere din care s\u0103 rezulte dac\u0103 persoana \u00een cauz\u0103 desf\u0103\u015foar\u0103 sau nu activit\u0103\u0163i didactice sau de cercetare \u00een alte universit\u0103\u0163i, \u015fi c\u0103 nu a pierdut calitatea de cadru didactic prin desfacerea disciplinar\u0103 a contractului de munc\u0103;<\/li><li>adeverin\u0163\u0103 medical\u0103, de la medicul de medicina muncii, din care s\u0103 rezulte c\u0103 starea de s\u0103n\u0103tate \u00eei permite desf\u0103\u015furarea de activit\u0103\u0163i didactice;<\/li><li>copie dup\u0103 cartea de identitate;<\/li><li>Cod IBAN;<\/li><li>pentru cadrele didactice de la alte universit\u0103\u0163i, aprobarea Senatului universit\u0103\u0163ii respective.<\/li><li>Pentru cadrele didactice pensionate din U.T.C.-N se vor depune doar documentele de la punctele a, b, f, h, I \u0219i j.<\/li><li>Pentru profesorii onorifici ai facult\u0103\u021bilor\/universit\u0103\u021bii, Dr. H. C. ai universit\u0103\u021bii \u0219i speciali\u0219tii invita\u021bi din str\u0103in\u0103tate se vor solicita doar documentele de la pct. a, i \u0219i j;<\/li><li>Adresa de e-mail valid\u0103 pentru comunicarea \u00eentre p\u0103r\u021bi.<\/li><\/ol>\n\n\n\n<p>Copia actului de identitate, copiile documentelor de studii \u0219i carnetul de munc\u0103 sau, dup\u0103 caz, adeverin\u021bele care atest\u0103 vechimea vor fi prezentate \u0219i \u00een original la data desf\u0103\u0219ur\u0103rii concursului &nbsp;\u00een vederea verific\u0103rii conformit\u0103\u021bii copiilor cu acestea.<\/p>\n\n\n\n<p>\u00a0\u00a0\u00a0\u00a0\u00a0\u00a0 R E C T O R,<br>Prof. dr. ing. Vasile TOPA<\/p>\n\n\n\n<p>\u00a0\u00a0\u00a0\u00a0\u00a0\u00a0\u00a0\u00a0\u00a0D E C A N<br>Prof. dr. ing. Ovidiu Aurel POP<br><\/p>\n\n\n\n<p>\u00a0\u00a0 DIRECTOR DEPARTAMENT<br>Prof. dr. ing. Dorin PETREUS<\/p>\n\n\n\n<p><\/p>\n","protected":false},"excerpt":{"rendered":"<p>Facultatea de Electronic\u0103, Telecomunica\u021bii \u0219i Tehnologia Informa\u021bieiDepartamentul de Electronic\u0103 Aplicat\u0103 ANUN\u021a Universitatea Tehnic\u0103 din Cluj-Napoca, cu sediul \u00een localitatea Cluj-Napoca, str. Memorandumului nr.28, jud. Cluj, organizeaz\u0103 concurs pentru ocuparea \u00een sistem \u201cplata cu ora\u201d a urm\u0103toarelor frac\u021biuni de posturi didactice vacante \u00een cadrul Departamentului de Electronic\u0103 Aplicat\u0103 al Facult\u0103\u021bii de Electronic\u0103, Telecomunica\u021bii \u0219i Tehnologia Informa\u021biei [&hellip;]<\/p>\n","protected":false},"author":2,"featured_media":0,"comment_status":"closed","ping_status":"","sticky":false,"template":"","format":"standard","meta":{"footnotes":""},"categories":[9],"tags":[],"class_list":["post-1614","post","type-post","status-publish","format-standard","hentry","category-news"],"_links":{"self":[{"href":"https:\/\/ael.utcluj.ro\/index.php?rest_route=\/wp\/v2\/posts\/1614","targetHints":{"allow":["GET"]}}],"collection":[{"href":"https:\/\/ael.utcluj.ro\/index.php?rest_route=\/wp\/v2\/posts"}],"about":[{"href":"https:\/\/ael.utcluj.ro\/index.php?rest_route=\/wp\/v2\/types\/post"}],"author":[{"embeddable":true,"href":"https:\/\/ael.utcluj.ro\/index.php?rest_route=\/wp\/v2\/users\/2"}],"replies":[{"embeddable":true,"href":"https:\/\/ael.utcluj.ro\/index.php?rest_route=%2Fwp%2Fv2%2Fcomments&post=1614"}],"version-history":[{"count":3,"href":"https:\/\/ael.utcluj.ro\/index.php?rest_route=\/wp\/v2\/posts\/1614\/revisions"}],"predecessor-version":[{"id":1617,"href":"https:\/\/ael.utcluj.ro\/index.php?rest_route=\/wp\/v2\/posts\/1614\/revisions\/1617"}],"wp:attachment":[{"href":"https:\/\/ael.utcluj.ro\/index.php?rest_route=%2Fwp%2Fv2%2Fmedia&parent=1614"}],"wp:term":[{"taxonomy":"category","embeddable":true,"href":"https:\/\/ael.utcluj.ro\/index.php?rest_route=%2Fwp%2Fv2%2Fcategories&post=1614"},{"taxonomy":"post_tag","embeddable":true,"href":"https:\/\/ael.utcluj.ro\/index.php?rest_route=%2Fwp%2Fv2%2Ftags&post=1614"}],"curies":[{"name":"wp","href":"https:\/\/api.w.org\/{rel}","templated":true}]}}