{"id":378,"date":"2013-11-07T11:00:33","date_gmt":"2013-11-07T09:00:33","guid":{"rendered":"http:\/\/ael.utcluj.ro\/beta\/?p=378"},"modified":"2013-11-07T11:05:00","modified_gmt":"2013-11-07T09:05:00","slug":"concursul-de-proiectare-digilent-2014","status":"publish","type":"post","link":"https:\/\/ael.utcluj.ro\/?p=378","title":{"rendered":"<!--:ro-->Concursul de proiectare Digilent 2014<!--:--><!--:en-->Digilent Design Contest 2014<!--:-->"},"content":{"rendered":"<p><!--:ro--><\/p>\n<p style=\"text-align: justify;\">Digilent Rom\u00e2nia \u00een colaborare cu Digilent S.U.A. v\u0103 invit\u0103 s\u0103 participa\u021bi la \u201eConcursul de proiectare Digilent\u201d, edi\u021bia 2014, care totodat\u0103 marcheaz\u0103 \u0219i aniversarea de 10 ani a concursului. Pentru mai multe detalii legate de tematic\u0103, desf\u0103\u0219urarea concursului \u0219i \u00eenscrieri, puteti consulta pagina oficial\u0103 a concursului: <a href=\"http:\/\/www.digilentdesigncontest.com\/\" target=\"_blank\">www.digilentdesigncontest.com<\/a>.<\/p>\n<p><a href=\"http:\/\/ael.utcluj.ro\/beta\/wp-content\/Documents\/PostsMedia\/Afis_DDC.png\"><img loading=\"lazy\" decoding=\"async\" alt=\"Afis DDC\" src=\"http:\/\/ael.utcluj.ro\/beta\/wp-content\/Documents\/PostsMedia\/Afis_DDC.png\" width=\"588\" height=\"830\" \/><\/a><!--:--><!--:en--><\/p>\n<p style=\"text-align: justify;\">Digilent Romania in collaboration with Digilent U.S.A. would like to invite you to participate at the 2014 edition of its &#8220;Digilent Design Contest&#8221;, which also marks the 10<sup>th<\/sup> anniversary of the event. For further details regarding the thematic of the contest, key dates and registration please check out the web site of the contest at <a href=\"http:\/\/www.digilentdesigncontest.com\/\" target=\"_blank\">www.digilentdesigncontest.com<\/a>.<\/p>\n<p><a href=\"http:\/\/ael.utcluj.ro\/beta\/wp-content\/Documents\/PostsMedia\/Afis_DDC.png\"><img loading=\"lazy\" decoding=\"async\" alt=\"Afis DDC\" src=\"http:\/\/ael.utcluj.ro\/beta\/wp-content\/Documents\/PostsMedia\/Afis_DDC.png\" width=\"588\" height=\"830\" \/><\/a><!--:--><\/p>\n","protected":false},"excerpt":{"rendered":"<p>Digilent Rom\u00e2nia \u00een colaborare cu Digilent S.U.A. v\u0103 invit\u0103 s\u0103 participa\u021bi la \u201eConcursul de proiectare Digilent\u201d, edi\u021bia 2014, care totodat\u0103 marcheaz\u0103 \u0219i aniversarea de 10 ani a concursului. Pentru mai multe detalii legate de tematic\u0103, desf\u0103\u0219urarea concursului \u0219i \u00eenscrieri, puteti consulta pagina oficial\u0103 a concursului: www.digilentdesigncontest.com. Digilent Romania in collaboration with Digilent U.S.A. would like [&hellip;]<\/p>\n","protected":false},"author":2,"featured_media":0,"comment_status":"closed","ping_status":"closed","sticky":false,"template":"","format":"standard","meta":{"footnotes":""},"categories":[10,9],"tags":[],"class_list":["post-378","post","type-post","status-publish","format-standard","hentry","category-information4students","category-news"],"_links":{"self":[{"href":"https:\/\/ael.utcluj.ro\/index.php?rest_route=\/wp\/v2\/posts\/378","targetHints":{"allow":["GET"]}}],"collection":[{"href":"https:\/\/ael.utcluj.ro\/index.php?rest_route=\/wp\/v2\/posts"}],"about":[{"href":"https:\/\/ael.utcluj.ro\/index.php?rest_route=\/wp\/v2\/types\/post"}],"author":[{"embeddable":true,"href":"https:\/\/ael.utcluj.ro\/index.php?rest_route=\/wp\/v2\/users\/2"}],"replies":[{"embeddable":true,"href":"https:\/\/ael.utcluj.ro\/index.php?rest_route=%2Fwp%2Fv2%2Fcomments&post=378"}],"version-history":[{"count":4,"href":"https:\/\/ael.utcluj.ro\/index.php?rest_route=\/wp\/v2\/posts\/378\/revisions"}],"predecessor-version":[{"id":382,"href":"https:\/\/ael.utcluj.ro\/index.php?rest_route=\/wp\/v2\/posts\/378\/revisions\/382"}],"wp:attachment":[{"href":"https:\/\/ael.utcluj.ro\/index.php?rest_route=%2Fwp%2Fv2%2Fmedia&parent=378"}],"wp:term":[{"taxonomy":"category","embeddable":true,"href":"https:\/\/ael.utcluj.ro\/index.php?rest_route=%2Fwp%2Fv2%2Fcategories&post=378"},{"taxonomy":"post_tag","embeddable":true,"href":"https:\/\/ael.utcluj.ro\/index.php?rest_route=%2Fwp%2Fv2%2Ftags&post=378"}],"curies":[{"name":"wp","href":"https:\/\/api.w.org\/{rel}","templated":true}]}}