{"id":836,"date":"2017-05-19T21:10:20","date_gmt":"2017-05-19T19:10:20","guid":{"rendered":"http:\/\/ael.utcluj.ro\/beta\/?p=836"},"modified":"2017-06-09T09:23:27","modified_gmt":"2017-06-09T07:23:27","slug":"echipa-universitatii-tehnice-din-cluj-napoca-locul-i-la-hard-soft-2017","status":"publish","type":"post","link":"https:\/\/ael.utcluj.ro\/?p=836","title":{"rendered":"Echipa Universit\u0103\u021bii Tehnice din Cluj-Napoca locul I la Hard &#038; Soft 2017"},"content":{"rendered":"<p>Echipa Universit\u0103tii Tehnice din Cluj-Napoca, format din studen\u021bii C\u0103lin Baciu (ETTI, anul I &#8211; master IE), Octavian Coca (ETTI, anul II &#8211; eng), Beniamin Bia (AC, anul I &#8211; Automatic\u0103), Vlad Socaciu (AC, anul II &#8211; Automatica) sub coordonarea prof. dr. ing. Dorin Petreu\u0219 \u0219i \u00eendrumarea conf. dr. ing. Alin Grama a c\u00e2\u0219tigat concursul anual Hard &#038; Soft 2017, organizat de Universitatea \u201e\u0218tefan cel Mare\u201d din Suceava. Departamentul de Electronic\u0103 Aplicat\u0103 felicit\u0103 pe aceast\u0103 cale at\u00e2t studen\u021bii c\u00e2t \u0219i cadrele didactice implicate \u00een atingerea acestui rezultat impresionant.<\/p>\n<p>Rezultatele finale complete ale concursului se pot consulta pe <a href=\"http:\/\/www.hardandsoft.ro\" target=\"_new\">www.hardandsoft.ro<\/a><\/p>\n<p><a href=\"http:\/\/ael.utcluj.ro\/beta\/wp-content\/Documents\/PostsMedia\/HardSoft\/HS2017.jpg\"><img loading=\"lazy\" decoding=\"async\" class=\"aligncenter\" src=\"http:\/\/ael.utcluj.ro\/beta\/wp-content\/Documents\/PostsMedia\/HardSoft\/HS2017.jpg\" alt=\"\" width=\"354\" height=\"319\" \/><\/a><br \/>\n<a href=\"http:\/\/ael.utcluj.ro\/beta\/wp-content\/Documents\/PostsMedia\/HardSoft\/1stprize.png\"><img loading=\"lazy\" decoding=\"async\" class=\"aligncenter\" src=\"http:\/\/ael.utcluj.ro\/beta\/wp-content\/Documents\/PostsMedia\/HardSoft\/1stprize.png\" alt=\"\" width=\"330\" height=\"225\" \/><\/a><br \/>\n<a href=\"http:\/\/ael.utcluj.ro\/beta\/wp-content\/Documents\/PostsMedia\/HardSoft\/Poster.jpg\"><img loading=\"lazy\" decoding=\"async\" class=\"aligncenter\" src=\"http:\/\/ael.utcluj.ro\/beta\/wp-content\/Documents\/PostsMedia\/HardSoft\/Poster.jpg\" alt=\"\" width=\"355\" height=\"230\" \/><\/a><\/p>\n","protected":false},"excerpt":{"rendered":"<p>Echipa Universit\u0103tii Tehnice din Cluj-Napoca, format din studen\u021bii C\u0103lin Baciu (ETTI, anul I &#8211; master IE), Octavian Coca (ETTI, anul II &#8211; eng), Beniamin Bia (AC, anul I &#8211; Automatic\u0103), Vlad Socaciu (AC, anul II &#8211; Automatica) sub coordonarea prof. dr. ing. Dorin Petreu\u0219 \u0219i \u00eendrumarea conf. dr. ing. Alin Grama a c\u00e2\u0219tigat concursul anual [&hellip;]<\/p>\n","protected":false},"author":2,"featured_media":0,"comment_status":"closed","ping_status":"closed","sticky":false,"template":"","format":"standard","meta":{"footnotes":""},"categories":[9],"tags":[],"class_list":["post-836","post","type-post","status-publish","format-standard","hentry","category-news"],"_links":{"self":[{"href":"https:\/\/ael.utcluj.ro\/index.php?rest_route=\/wp\/v2\/posts\/836","targetHints":{"allow":["GET"]}}],"collection":[{"href":"https:\/\/ael.utcluj.ro\/index.php?rest_route=\/wp\/v2\/posts"}],"about":[{"href":"https:\/\/ael.utcluj.ro\/index.php?rest_route=\/wp\/v2\/types\/post"}],"author":[{"embeddable":true,"href":"https:\/\/ael.utcluj.ro\/index.php?rest_route=\/wp\/v2\/users\/2"}],"replies":[{"embeddable":true,"href":"https:\/\/ael.utcluj.ro\/index.php?rest_route=%2Fwp%2Fv2%2Fcomments&post=836"}],"version-history":[{"count":8,"href":"https:\/\/ael.utcluj.ro\/index.php?rest_route=\/wp\/v2\/posts\/836\/revisions"}],"predecessor-version":[{"id":853,"href":"https:\/\/ael.utcluj.ro\/index.php?rest_route=\/wp\/v2\/posts\/836\/revisions\/853"}],"wp:attachment":[{"href":"https:\/\/ael.utcluj.ro\/index.php?rest_route=%2Fwp%2Fv2%2Fmedia&parent=836"}],"wp:term":[{"taxonomy":"category","embeddable":true,"href":"https:\/\/ael.utcluj.ro\/index.php?rest_route=%2Fwp%2Fv2%2Fcategories&post=836"},{"taxonomy":"post_tag","embeddable":true,"href":"https:\/\/ael.utcluj.ro\/index.php?rest_route=%2Fwp%2Fv2%2Ftags&post=836"}],"curies":[{"name":"wp","href":"https:\/\/api.w.org\/{rel}","templated":true}]}}